{"id":43,"date":"2018-08-29T08:48:14","date_gmt":"2018-08-29T08:48:14","guid":{"rendered":"http:\/\/reforma-pr.com\/?p=43"},"modified":"2018-08-30T14:43:20","modified_gmt":"2018-08-30T14:43:20","slug":"lorem-ipsum","status":"publish","type":"post","link":"https:\/\/reforma-pr.com\/en\/lorem-ipsum\/","title":{"rendered":"Fytyra e re e familjes Q"},"content":{"rendered":"<p>Audi zbuloi Q8 t\u00eb ri. Prezantimi n\u00eb Shenzhen n\u00eb nj\u00eb ngjarje q\u00eb festonte 30 vjet q\u00eb kur Audi filloi strategjin\u00eb jasht\u00ebzakonisht t\u00eb suksesshme t\u00eb prodhimit t\u00eb makinave n\u00eb Kin\u00eb.<\/p>\n<p>Automjeti sportiv tregon nj\u00eb agresivitet q\u00eb Audi thot\u00eb se n\u00ebnkupton modelin e ri p\u00ebr SUV-t\u00eb e saj. \u00a0Q8 \u00ebsht\u00eb e lidhur ngusht\u00eb me Audi Q7, edhe pse \u00ebsht\u00eb m\u00eb i gjer\u00eb dhe m\u00eb i ul\u00ebt.<br \/>\nBrend\u00ebsia ndjek renditjen e re t\u00eb prezantimeve t\u00eb modelit t\u00eb fundit t\u00eb Audi, edhe pse Q8 merr nj\u00eb tem\u00eb m\u00eb shum\u00eb nga sporti. Ekzistojn\u00eb tre ekrane dixhitale, dy prej t\u00eb cilave ulen n\u00eb rafte qendrore dhe mund t\u00eb kontrollojn\u00eb pothuajse \u00e7do funksion t\u00eb automjeteve.<\/p>\n<p>Audi Q8 tani m\u00eb mund t\u00eb porositet n\u00eb kompanin\u00eb Reforma<\/p>","protected":false},"excerpt":{"rendered":"Audi zbuloi Q8 t\u00eb ri. Prezantimi n\u00eb Shenzhen n\u00eb nj\u00eb ngjarje q\u00eb festonte 30 vjet q\u00eb kur Audi filloi strategjin\u00eb jasht\u00ebzakonisht t\u00eb suksesshme t\u00eb prodhimit t\u00eb makinave n\u00eb Kin\u00eb. Automjeti sportiv tregon nj\u00eb agresivitet q\u00eb Audi thot\u00eb se n\u00ebnkupton modelin e ri p\u00ebr SUV-t\u00eb e saj. \u00a0Q8 \u00ebsht\u00eb e lidhur ngusht\u00eb me Audi Q7, edhe","protected":false},"author":1,"featured_media":250,"comment_status":"open","ping_status":"open","sticky":false,"template":"","format":"standard","meta":{"_acf_changed":false,"footnotes":""},"categories":[1],"tags":[],"class_list":["post-43","post","type-post","status-publish","format-standard","has-post-thumbnail","hentry","category-uncategorized"],"acf":[],"_links":{"self":[{"href":"https:\/\/reforma-pr.com\/en\/wp-json\/wp\/v2\/posts\/43","targetHints":{"allow":["GET"]}}],"collection":[{"href":"https:\/\/reforma-pr.com\/en\/wp-json\/wp\/v2\/posts"}],"about":[{"href":"https:\/\/reforma-pr.com\/en\/wp-json\/wp\/v2\/types\/post"}],"author":[{"embeddable":true,"href":"https:\/\/reforma-pr.com\/en\/wp-json\/wp\/v2\/users\/1"}],"replies":[{"embeddable":true,"href":"https:\/\/reforma-pr.com\/en\/wp-json\/wp\/v2\/comments?post=43"}],"version-history":[{"count":7,"href":"https:\/\/reforma-pr.com\/en\/wp-json\/wp\/v2\/posts\/43\/revisions"}],"predecessor-version":[{"id":249,"href":"https:\/\/reforma-pr.com\/en\/wp-json\/wp\/v2\/posts\/43\/revisions\/249"}],"wp:featuredmedia":[{"embeddable":true,"href":"https:\/\/reforma-pr.com\/en\/wp-json\/wp\/v2\/media\/250"}],"wp:attachment":[{"href":"https:\/\/reforma-pr.com\/en\/wp-json\/wp\/v2\/media?parent=43"}],"wp:term":[{"taxonomy":"category","embeddable":true,"href":"https:\/\/reforma-pr.com\/en\/wp-json\/wp\/v2\/categories?post=43"},{"taxonomy":"post_tag","embeddable":true,"href":"https:\/\/reforma-pr.com\/en\/wp-json\/wp\/v2\/tags?post=43"}],"curies":[{"name":"wp","href":"https:\/\/api.w.org\/{rel}","templated":true}]}}