{"id":277,"date":"2018-09-08T06:52:31","date_gmt":"2018-09-08T06:52:31","guid":{"rendered":"http:\/\/reforma-pr.com\/?p=277"},"modified":"2018-09-08T06:53:28","modified_gmt":"2018-09-08T06:53:28","slug":"licencohet-servisi-i-autorizuar-vwskodaseat","status":"publish","type":"post","link":"https:\/\/reforma-pr.com\/en\/licencohet-servisi-i-autorizuar-vwskodaseat\/","title":{"rendered":"Licencohet Servisi i autorizuar VW,SKODA,SEAT"},"content":{"rendered":"<p>Sot me dat\u00eb 8 Shtator 2018 Reforma pranoj licenc\u00ebn p\u00ebr servis t\u00eb autorizuar edhe p\u00ebr Volkswagen, Skoda dhe Seat. Tashm\u00eb si servis i autorizuar p\u00ebr t\u00eb gjitha brendet e familjes Volkswagen ofrohen t\u00eb gjitha sh\u00ebrbimet n\u00eb baz\u00eb t\u00eb rregulloreve t\u00eb prodhuesit.<\/p>","protected":false},"excerpt":{"rendered":"Sot me dat\u00eb 8 Shtator 2018 Reforma pranoj licenc\u00ebn p\u00ebr servis t\u00eb autorizuar edhe p\u00ebr Volkswagen, Skoda dhe Seat. Tashm\u00eb si servis i autorizuar p\u00ebr t\u00eb gjitha brendet e familjes Volkswagen ofrohen t\u00eb gjitha sh\u00ebrbimet n\u00eb baz\u00eb t\u00eb rregulloreve t\u00eb prodhuesit.","protected":false},"author":1,"featured_media":278,"comment_status":"open","ping_status":"open","sticky":false,"template":"","format":"standard","meta":{"_acf_changed":false,"footnotes":""},"categories":[1],"tags":[],"class_list":["post-277","post","type-post","status-publish","format-standard","has-post-thumbnail","hentry","category-uncategorized"],"acf":[],"_links":{"self":[{"href":"https:\/\/reforma-pr.com\/en\/wp-json\/wp\/v2\/posts\/277","targetHints":{"allow":["GET"]}}],"collection":[{"href":"https:\/\/reforma-pr.com\/en\/wp-json\/wp\/v2\/posts"}],"about":[{"href":"https:\/\/reforma-pr.com\/en\/wp-json\/wp\/v2\/types\/post"}],"author":[{"embeddable":true,"href":"https:\/\/reforma-pr.com\/en\/wp-json\/wp\/v2\/users\/1"}],"replies":[{"embeddable":true,"href":"https:\/\/reforma-pr.com\/en\/wp-json\/wp\/v2\/comments?post=277"}],"version-history":[{"count":2,"href":"https:\/\/reforma-pr.com\/en\/wp-json\/wp\/v2\/posts\/277\/revisions"}],"predecessor-version":[{"id":280,"href":"https:\/\/reforma-pr.com\/en\/wp-json\/wp\/v2\/posts\/277\/revisions\/280"}],"wp:featuredmedia":[{"embeddable":true,"href":"https:\/\/reforma-pr.com\/en\/wp-json\/wp\/v2\/media\/278"}],"wp:attachment":[{"href":"https:\/\/reforma-pr.com\/en\/wp-json\/wp\/v2\/media?parent=277"}],"wp:term":[{"taxonomy":"category","embeddable":true,"href":"https:\/\/reforma-pr.com\/en\/wp-json\/wp\/v2\/categories?post=277"},{"taxonomy":"post_tag","embeddable":true,"href":"https:\/\/reforma-pr.com\/en\/wp-json\/wp\/v2\/tags?post=277"}],"curies":[{"name":"wp","href":"https:\/\/api.w.org\/{rel}","templated":true}]}}